{"id":1275,"date":"2019-02-12T13:39:45","date_gmt":"2019-02-12T13:39:45","guid":{"rendered":"http:\/\/www.horn-generali.at\/?p=1275"},"modified":"2019-02-12T13:41:53","modified_gmt":"2019-02-12T13:41:53","slug":"titelverteidigung-geglueckt","status":"publish","type":"post","link":"https:\/\/www.horn-generali.at\/?p=1275","title":{"rendered":"Titelverteidigung gegl\u00fcckt!"},"content":{"rendered":"<p>Den Generali-Schneel\u00f6wen gelang es erneut die schnellsten Laufzeiten beim P\u00f6lsOberkurzheimer-Gemeindeskirennen in den Oberzeiringer Schnee zu schwingen.<\/p>\n<p>Mario Intersberger und Martin Bauer holten sich unter &#8222;Generali-Schneel\u00f6wen 2&#8220; den hei\u00dfbegehrten Tagessieg im Mannschaftsbewerb.<\/p>\n<p>Thomas Krammer und Gernot Horn mussten sich nach einem fatalen Abflug im zweiten Lauf mit einem Platz im Mittelfeld begn\u00fcgen.<\/p>\n<figure id=\"attachment_1287\" aria-describedby=\"caption-attachment-1287\" style=\"width: 743px\" class=\"wp-caption alignnone\"><a href=\"https:\/\/www.horn-generali.at\/wp-content\/uploads\/L\u00f6wen-2.jpg\"><img loading=\"lazy\" decoding=\"async\" class=\"wp-image-1287 size-full\" src=\"https:\/\/www.horn-generali.at\/wp-content\/uploads\/L\u00f6wen-2.jpg\" alt=\"\" width=\"753\" height=\"552\" srcset=\"https:\/\/www.horn-generali.at\/wp-content\/uploads\/L\u00f6wen-2.jpg 753w, https:\/\/www.horn-generali.at\/wp-content\/uploads\/L\u00f6wen-2-300x220.jpg 300w, https:\/\/www.horn-generali.at\/wp-content\/uploads\/L\u00f6wen-2-409x300.jpg 409w\" sizes=\"auto, (max-width: 753px) 100vw, 753px\" \/><\/a><figcaption id=\"caption-attachment-1287\" class=\"wp-caption-text\">Krammer Thomas, Horn Gernot, Intersberger Mario, Bauer Martin<\/figcaption><\/figure>\n<p>Zum Gl\u00fcck ging der spektakul\u00e4re Sturz von Thomas glimpflich aus, sodass auch n\u00e4chstes Jahr die Devise der &#8222;Generali-Schneel\u00f6wen 1&#8220;&nbsp; &#8222;Sieg oder Akja&#8220; lautet. \ud83d\ude09<!--more--><\/p>\n<p><a href=\"https:\/\/www.horn-generali.at\/wp-content\/uploads\/Skitag.jpg\"><img loading=\"lazy\" decoding=\"async\" class=\"alignnone size-large wp-image-1276\" src=\"https:\/\/www.horn-generali.at\/wp-content\/uploads\/Skitag-1024x682.jpg\" alt=\"\" width=\"584\" height=\"389\" srcset=\"https:\/\/www.horn-generali.at\/wp-content\/uploads\/Skitag.jpg 1024w, https:\/\/www.horn-generali.at\/wp-content\/uploads\/Skitag-300x200.jpg 300w, https:\/\/www.horn-generali.at\/wp-content\/uploads\/Skitag-768x512.jpg 768w, https:\/\/www.horn-generali.at\/wp-content\/uploads\/Skitag-450x300.jpg 450w\" sizes=\"auto, (max-width: 584px) 100vw, 584px\" \/><\/a>&nbsp; <a href=\"https:\/\/www.horn-generali.at\/wp-content\/uploads\/Skitag3.jpg\"><img loading=\"lazy\" decoding=\"async\" class=\"alignnone size-large wp-image-1278\" src=\"https:\/\/www.horn-generali.at\/wp-content\/uploads\/Skitag3-1024x682.jpg\" alt=\"\" width=\"584\" height=\"389\" srcset=\"https:\/\/www.horn-generali.at\/wp-content\/uploads\/Skitag3.jpg 1024w, https:\/\/www.horn-generali.at\/wp-content\/uploads\/Skitag3-300x200.jpg 300w, https:\/\/www.horn-generali.at\/wp-content\/uploads\/Skitag3-768x512.jpg 768w, https:\/\/www.horn-generali.at\/wp-content\/uploads\/Skitag3-450x300.jpg 450w\" sizes=\"auto, (max-width: 584px) 100vw, 584px\" \/><\/a><\/p>\n<p>Vielen Dank an die Veranstalter und die P\u00f6lser Bergretter f\u00fcr dieses gelungene Event!<\/p>\n<p>Quelle: <a href=\"https:\/\/www.poels-oberkurzheim.gv.at\/allgemein\/family-schitag-2019\/\">https:\/\/www.poels-oberkurzheim.gv.at\/allgemein\/family-schitag-2019\/<\/a><\/p>\n","protected":false},"excerpt":{"rendered":"<p>Den Generali-Schneel\u00f6wen gelang es erneut die schnellsten Laufzeiten beim P\u00f6lsOberkurzheimer-Gemeindeskirennen in den Oberzeiringer Schnee zu schwingen. Mario Intersberger und Martin Bauer holten sich unter &#8222;Generali-Schneel\u00f6wen 2&#8220; den hei\u00dfbegehrten Tagessieg im Mannschaftsbewerb. Thomas Krammer und Gernot Horn mussten sich nach einem fatalen Abflug im zweiten Lauf mit einem Platz im Mittelfeld begn\u00fcgen. Zum Gl\u00fcck ging der &#8230; <a title=\"Titelverteidigung gegl\u00fcckt!\" class=\"read-more\" href=\"https:\/\/www.horn-generali.at\/?p=1275\" aria-label=\"Mehr Informationen \u00fcber Titelverteidigung gegl\u00fcckt!\">Weiterlesen<\/a><\/p>\n","protected":false},"author":1,"featured_media":0,"comment_status":"closed","ping_status":"closed","sticky":false,"template":"","format":"standard","meta":{"ngg_post_thumbnail":0,"footnotes":""},"categories":[1],"tags":[],"class_list":["post-1275","post","type-post","status-publish","format-standard","hentry","category-allgemein"],"_links":{"self":[{"href":"https:\/\/www.horn-generali.at\/index.php?rest_route=\/wp\/v2\/posts\/1275","targetHints":{"allow":["GET"]}}],"collection":[{"href":"https:\/\/www.horn-generali.at\/index.php?rest_route=\/wp\/v2\/posts"}],"about":[{"href":"https:\/\/www.horn-generali.at\/index.php?rest_route=\/wp\/v2\/types\/post"}],"author":[{"embeddable":true,"href":"https:\/\/www.horn-generali.at\/index.php?rest_route=\/wp\/v2\/users\/1"}],"replies":[{"embeddable":true,"href":"https:\/\/www.horn-generali.at\/index.php?rest_route=%2Fwp%2Fv2%2Fcomments&post=1275"}],"version-history":[{"count":3,"href":"https:\/\/www.horn-generali.at\/index.php?rest_route=\/wp\/v2\/posts\/1275\/revisions"}],"predecessor-version":[{"id":1290,"href":"https:\/\/www.horn-generali.at\/index.php?rest_route=\/wp\/v2\/posts\/1275\/revisions\/1290"}],"wp:attachment":[{"href":"https:\/\/www.horn-generali.at\/index.php?rest_route=%2Fwp%2Fv2%2Fmedia&parent=1275"}],"wp:term":[{"taxonomy":"category","embeddable":true,"href":"https:\/\/www.horn-generali.at\/index.php?rest_route=%2Fwp%2Fv2%2Fcategories&post=1275"},{"taxonomy":"post_tag","embeddable":true,"href":"https:\/\/www.horn-generali.at\/index.php?rest_route=%2Fwp%2Fv2%2Ftags&post=1275"}],"curies":[{"name":"wp","href":"https:\/\/api.w.org\/{rel}","templated":true}]}}