{"id":855,"date":"2015-02-26T09:38:28","date_gmt":"2015-02-26T09:38:28","guid":{"rendered":"http:\/\/www.horn-generali.at\/?p=855"},"modified":"2015-02-26T10:00:22","modified_gmt":"2015-02-26T10:00:22","slug":"1-2-oder-3","status":"publish","type":"post","link":"https:\/\/www.horn-generali.at\/?p=855","title":{"rendered":"1, 2 oder 3?"},"content":{"rendered":"<p>Auch heuer wieder wurden die hei\u00df begehrten Pl\u00e4tze am Siegertreppchen des Gemeindeskirennens vergeben. Neben dem 3ten Platz 2013, und dem unglaublichen Sieg im letzten Jahr, komplettierten die &#8222;Generali Schneel\u00f6wen&#8220; mit Rang 2 in der Teamwertung die Pokalsammlung im B\u00fcro. Wir gratulieren allen Rennl\u00e4ufern, der Rennleitung und Bgm. Mag. Gernot Esser f\u00fcr die gewohnt perfekte Durchf\u00fchrung dieses Events.<\/p>\n<figure id=\"attachment_856\" aria-describedby=\"caption-attachment-856\" style=\"width: 1142px\" class=\"wp-caption aligncenter\"><a href=\"https:\/\/www.horn-generali.at\/wp-content\/uploads\/Skirennen-2015.jpg\"><img loading=\"lazy\" decoding=\"async\" class=\"size-full wp-image-856\" src=\"https:\/\/www.horn-generali.at\/wp-content\/uploads\/Skirennen-2015.jpg\" alt=\"Silberl\u00f6wen\" width=\"1152\" height=\"768\" srcset=\"https:\/\/www.horn-generali.at\/wp-content\/uploads\/Skirennen-2015.jpg 1152w, https:\/\/www.horn-generali.at\/wp-content\/uploads\/Skirennen-2015-300x200.jpg 300w, https:\/\/www.horn-generali.at\/wp-content\/uploads\/Skirennen-2015-1024x682.jpg 1024w, https:\/\/www.horn-generali.at\/wp-content\/uploads\/Skirennen-2015-450x300.jpg 450w\" sizes=\"auto, (max-width: 1152px) 100vw, 1152px\" \/><\/a><figcaption id=\"caption-attachment-856\" class=\"wp-caption-text\">v.l.: Bgm. Mag. Gernot Esser, &#8222;Generali-Silberl\u00f6wen&#8220; Gernot Horn, Gernot Pirker, Gerhard Rappitsch, Rudi Hoier, Rennchef Martin Bauer.<\/figcaption><\/figure>\n","protected":false},"excerpt":{"rendered":"<p>Auch heuer wieder wurden die hei\u00df begehrten Pl\u00e4tze am Siegertreppchen des Gemeindeskirennens vergeben. Neben dem 3ten Platz 2013, und dem unglaublichen Sieg im letzten Jahr, komplettierten die &#8222;Generali Schneel\u00f6wen&#8220; mit Rang 2 in der Teamwertung die Pokalsammlung im B\u00fcro. Wir gratulieren allen Rennl\u00e4ufern, der Rennleitung und Bgm. Mag. Gernot Esser f\u00fcr die gewohnt perfekte Durchf\u00fchrung &#8230; <a title=\"1, 2 oder 3?\" class=\"read-more\" href=\"https:\/\/www.horn-generali.at\/?p=855\" aria-label=\"Mehr Informationen \u00fcber 1, 2 oder 3?\">Weiterlesen<\/a><\/p>\n","protected":false},"author":1,"featured_media":0,"comment_status":"closed","ping_status":"closed","sticky":false,"template":"","format":"standard","meta":{"ngg_post_thumbnail":0,"footnotes":""},"categories":[1],"tags":[],"class_list":["post-855","post","type-post","status-publish","format-standard","hentry","category-allgemein"],"_links":{"self":[{"href":"https:\/\/www.horn-generali.at\/index.php?rest_route=\/wp\/v2\/posts\/855","targetHints":{"allow":["GET"]}}],"collection":[{"href":"https:\/\/www.horn-generali.at\/index.php?rest_route=\/wp\/v2\/posts"}],"about":[{"href":"https:\/\/www.horn-generali.at\/index.php?rest_route=\/wp\/v2\/types\/post"}],"author":[{"embeddable":true,"href":"https:\/\/www.horn-generali.at\/index.php?rest_route=\/wp\/v2\/users\/1"}],"replies":[{"embeddable":true,"href":"https:\/\/www.horn-generali.at\/index.php?rest_route=%2Fwp%2Fv2%2Fcomments&post=855"}],"version-history":[{"count":3,"href":"https:\/\/www.horn-generali.at\/index.php?rest_route=\/wp\/v2\/posts\/855\/revisions"}],"predecessor-version":[{"id":866,"href":"https:\/\/www.horn-generali.at\/index.php?rest_route=\/wp\/v2\/posts\/855\/revisions\/866"}],"wp:attachment":[{"href":"https:\/\/www.horn-generali.at\/index.php?rest_route=%2Fwp%2Fv2%2Fmedia&parent=855"}],"wp:term":[{"taxonomy":"category","embeddable":true,"href":"https:\/\/www.horn-generali.at\/index.php?rest_route=%2Fwp%2Fv2%2Fcategories&post=855"},{"taxonomy":"post_tag","embeddable":true,"href":"https:\/\/www.horn-generali.at\/index.php?rest_route=%2Fwp%2Fv2%2Ftags&post=855"}],"curies":[{"name":"wp","href":"https:\/\/api.w.org\/{rel}","templated":true}]}}