{"id":934,"date":"2015-09-22T08:38:49","date_gmt":"2015-09-22T08:38:49","guid":{"rendered":"http:\/\/www.horn-generali.at\/?p=934"},"modified":"2015-09-22T08:39:32","modified_gmt":"2015-09-22T08:39:32","slug":"mein-service-tipp-zum-kindergarten-und-schulbeginn","status":"publish","type":"post","link":"https:\/\/www.horn-generali.at\/?p=934","title":{"rendered":"Mein Service-Tipp zum Kindergarten- und Schulbeginn."},"content":{"rendered":"<p>Eine private Unfallschutzversicherung sch\u00fctzt Ihre Kinder vor Folgen nach Freizeitunf\u00e4llen. Bei der Generali-Herbstaktion erhalten Sie zu Schulbeginn beim Kinder- oder Jugendtarif sofort bei Abschluss vollen Deckungsschutz, die Pr\u00e4mienzahlung beginnt jedoch erst ab dem 1. Januar 2016. (Diese Pr\u00e4mienbefreiung gilt f\u00fcr neu versicherte Kinder\/Jugendliche.)<\/p>\n<p><a href=\"https:\/\/www.generali.at\/presse-informationen\/detailansicht.html?tx_news_pi1[news]=492&amp;tx_news_pi1[controller]=News&amp;tx_news_pi1[action]=detail\" target=\"_blank\">Link zum Pressebericht<\/a><\/p>\n","protected":false},"excerpt":{"rendered":"<p>Eine private Unfallschutzversicherung sch\u00fctzt Ihre Kinder vor Folgen nach Freizeitunf\u00e4llen. Bei der Generali-Herbstaktion erhalten Sie zu Schulbeginn beim Kinder- oder Jugendtarif sofort bei Abschluss vollen Deckungsschutz, die Pr\u00e4mienzahlung beginnt jedoch erst ab dem 1. Januar 2016. (Diese Pr\u00e4mienbefreiung gilt f\u00fcr neu versicherte Kinder\/Jugendliche.) Link zum Pressebericht<\/p>\n","protected":false},"author":1,"featured_media":0,"comment_status":"closed","ping_status":"closed","sticky":false,"template":"","format":"standard","meta":{"ngg_post_thumbnail":0,"footnotes":""},"categories":[1],"tags":[],"class_list":["post-934","post","type-post","status-publish","format-standard","hentry","category-allgemein"],"_links":{"self":[{"href":"https:\/\/www.horn-generali.at\/index.php?rest_route=\/wp\/v2\/posts\/934","targetHints":{"allow":["GET"]}}],"collection":[{"href":"https:\/\/www.horn-generali.at\/index.php?rest_route=\/wp\/v2\/posts"}],"about":[{"href":"https:\/\/www.horn-generali.at\/index.php?rest_route=\/wp\/v2\/types\/post"}],"author":[{"embeddable":true,"href":"https:\/\/www.horn-generali.at\/index.php?rest_route=\/wp\/v2\/users\/1"}],"replies":[{"embeddable":true,"href":"https:\/\/www.horn-generali.at\/index.php?rest_route=%2Fwp%2Fv2%2Fcomments&post=934"}],"version-history":[{"count":1,"href":"https:\/\/www.horn-generali.at\/index.php?rest_route=\/wp\/v2\/posts\/934\/revisions"}],"predecessor-version":[{"id":935,"href":"https:\/\/www.horn-generali.at\/index.php?rest_route=\/wp\/v2\/posts\/934\/revisions\/935"}],"wp:attachment":[{"href":"https:\/\/www.horn-generali.at\/index.php?rest_route=%2Fwp%2Fv2%2Fmedia&parent=934"}],"wp:term":[{"taxonomy":"category","embeddable":true,"href":"https:\/\/www.horn-generali.at\/index.php?rest_route=%2Fwp%2Fv2%2Fcategories&post=934"},{"taxonomy":"post_tag","embeddable":true,"href":"https:\/\/www.horn-generali.at\/index.php?rest_route=%2Fwp%2Fv2%2Ftags&post=934"}],"curies":[{"name":"wp","href":"https:\/\/api.w.org\/{rel}","templated":true}]}}